{"id":6684,"date":"2025-10-08T10:12:02","date_gmt":"2025-10-08T10:12:02","guid":{"rendered":"https:\/\/peradejordi.com\/?p=6684"},"modified":"2025-10-08T17:10:17","modified_gmt":"2025-10-08T17:10:17","slug":"vacunacion-y-prevencion-de-la-gripe","status":"publish","type":"post","link":"https:\/\/peradejordi.com\/es\/vacunacion-y-prevencion-de-la-gripe\/","title":{"rendered":"Gripe y vacunaci\u00f3n 2025: prot\u00e9gete este invierno"},"content":{"rendered":"<p>La gripe es una enfermedad respiratoria infecciosa causada por los virus de la influenza A y B. Se transmite f\u00e1cilmente y puede provocar fiebre (a menudo superior a 38 \u00b0C), tos, dolor de garganta, congesti\u00f3n nasal, dolor de cabeza, dolores musculares, escalofr\u00edos, fatiga y, a veces, n\u00e1useas, v\u00f3mitos o diarrea (m\u00e1s frecuentes en ni\u00f1os).<\/p>\n<p>Aunque la mayor\u00eda de las personas se recuperan sin complicaciones, la gripe puede ser grave, especialmente en personas mayores, embarazadas o con enfermedades cr\u00f3nicas. Por eso, vacunarse cada a\u00f1o es la mejor forma de protegerse y reducir el riesgo de complicaciones.<\/p>\n<h2>Temporada 2025-2026: \u00bfcu\u00e1ndo vacunarse?<\/h2>\n<p>La epidemia de gripe suele empezar a finales de diciembre y durante el invierno. Para garantizar una buena protecci\u00f3n, se recomienda vacunarse entre septiembre y noviembre. Cada a\u00f1o la vacuna se actualiza para adaptarse a las nuevas variantes del virus.<\/p>\n<h2>\u00bfQui\u00e9n debe vacunarse?<a href=\"https:\/\/peradejordi.com\/wp-content\/uploads\/2023\/02\/injection-g28733c82a_1280.png\"><img loading=\"lazy\" decoding=\"async\" class=\"size-medium wp-image-6677 alignright\" src=\"https:\/\/peradejordi.com\/wp-content\/uploads\/2023\/02\/injection-g28733c82a_1280-150x300.png\" alt=\"\" width=\"150\" height=\"300\" srcset=\"https:\/\/peradejordi.com\/wp-content\/uploads\/2023\/02\/injection-g28733c82a_1280-150x300.png 150w, https:\/\/peradejordi.com\/wp-content\/uploads\/2023\/02\/injection-g28733c82a_1280-512x1024.png 512w, https:\/\/peradejordi.com\/wp-content\/uploads\/2023\/02\/injection-g28733c82a_1280-73x146.png 73w, https:\/\/peradejordi.com\/wp-content\/uploads\/2023\/02\/injection-g28733c82a_1280-25x50.png 25w, https:\/\/peradejordi.com\/wp-content\/uploads\/2023\/02\/injection-g28733c82a_1280-38x75.png 38w, https:\/\/peradejordi.com\/wp-content\/uploads\/2023\/02\/injection-g28733c82a_1280.png 640w\" sizes=\"auto, (max-width:767px) 150px, 150px\" \/><\/a><\/h2>\n<h3>Personas prioritarias<\/h3>\n<p>\u2022 Mayores de 65 a\u00f1os.<br \/>\n\u2022 Personas con enfermedades cr\u00f3nicas (card\u00edacas, respiratorias, neurol\u00f3gicas, diabetes, obesidad m\u00f3rbida, insuficiencia renal o hep\u00e1tica, inmunosupresi\u00f3n, etc.).<br \/>\n\u2022 Embarazadas, ni\u00f1os prematuros (6\u201324 meses) o menores en tratamiento con \u00e1cido acetilsalic\u00edlico.<br \/>\n\u2022 Personas institucionalizadas o sin hogar.<br \/>\n\u2022 Personal sanitario o cuidadores de personas vulnerables.<br \/>\n\u2022 Trabajadores esenciales (seguridad, bomberos, protecci\u00f3n civil, etc.).<br \/>\n\u2022 Personas con exposici\u00f3n laboral a aves o cerdos.<\/p>\n<h3>Contraindicaciones<\/h3>\n<p>Solo en caso de una reacci\u00f3n al\u00e9rgica grave a una dosis anterior o a un componente de la vacuna. Si se padece una enfermedad aguda, debe esperarse a la recuperaci\u00f3n antes de vacunarse.<\/p>\n<h2>Efectos secundarios<\/h2>\n<p>Suelen ser leves: dolor o enrojecimiento en el lugar de la inyecci\u00f3n, y ocasionalmente fiebre o dolores musculares. La relaci\u00f3n con el s\u00edndrome de Guillain-Barr\u00e9 es muy poco frecuente y no se ha demostrado de forma concluyente.<\/p>\n<h2>Eficacia y protecci\u00f3n<\/h2>\n<p>Aunque la vacuna no evita todos los casos, reduce la gravedad de los s\u00edntomas, las hospitalizaciones y las complicaciones graves. Es especialmente beneficiosa en personas con riesgo elevado.<\/p>\n<h2>Otras medidas de prevenci\u00f3n<a href=\"https:\/\/peradejordi.com\/wp-content\/uploads\/2023\/02\/washing-hands-gffc7b8ec3_1280.jpg\"><img loading=\"lazy\" decoding=\"async\" class=\"size-medium wp-image-6673 alignright\" src=\"https:\/\/peradejordi.com\/wp-content\/uploads\/2023\/02\/washing-hands-gffc7b8ec3_1280-300x200.jpg\" alt=\"\" width=\"300\" height=\"200\" srcset=\"https:\/\/peradejordi.com\/wp-content\/uploads\/2023\/02\/washing-hands-gffc7b8ec3_1280-300x200.jpg 300w, https:\/\/peradejordi.com\/wp-content\/uploads\/2023\/02\/washing-hands-gffc7b8ec3_1280-1024x682.jpg 1024w, https:\/\/peradejordi.com\/wp-content\/uploads\/2023\/02\/washing-hands-gffc7b8ec3_1280-768x511.jpg 768w, https:\/\/peradejordi.com\/wp-content\/uploads\/2023\/02\/washing-hands-gffc7b8ec3_1280-219x146.jpg 219w, https:\/\/peradejordi.com\/wp-content\/uploads\/2023\/02\/washing-hands-gffc7b8ec3_1280-50x33.jpg 50w, https:\/\/peradejordi.com\/wp-content\/uploads\/2023\/02\/washing-hands-gffc7b8ec3_1280-113x75.jpg 113w, https:\/\/peradejordi.com\/wp-content\/uploads\/2023\/02\/washing-hands-gffc7b8ec3_1280.jpg 1280w\" sizes=\"auto, (max-width:767px) 300px, 300px\" \/><\/a><\/h2>\n<p>\u2022 Lavarse las manos con frecuencia con agua y jab\u00f3n.<br \/>\n\u2022 Usar geles hidroalcoh\u00f3licos si no hay agua disponible.<br \/>\n\u2022 Evitar tocarse la cara con las manos.<br \/>\n\u2022 Cubrirse con el codo o un pa\u00f1uelo al toser o estornudar.<br \/>\n\u2022 Ventilar espacios cerrados y limpiar superficies de uso frecuente.<br \/>\n\u2022 Mantener h\u00e1bitos saludables: alimentaci\u00f3n equilibrada, descanso, hidrataci\u00f3n y ejercicio.<br \/>\n\u2022 Si tienes s\u00edntomas, qu\u00e9date en casa hasta 24 h despu\u00e9s de que desaparezca la fiebre.<\/p>\n<h2>En resumen<\/h2>\n<p>Vacunarse contra la gripe es una medida sencilla, segura y eficaz para protegerte y proteger a los dem\u00e1s. Este oto\u00f1o-invierno 2025, cuida tu salud y la de quienes te rodean.<\/p>\n<p><em>Nota de atribuci\u00f3n: Contenido revisado y actualizado seg\u00fan las recomendaciones sanitarias vigentes para la temporada 2025\u20132026.<\/em><\/p>\n","protected":false},"excerpt":{"rendered":"<p>La gripe es una enfermedad respiratoria infecciosa causada por los virus de la influenza A y B. Se transmite f\u00e1cilmente y puede provocar fiebre (a menudo<span class=\"excerpt-hellip\"> [\u2026]<\/span><\/p>\n","protected":false},"author":9,"featured_media":8387,"comment_status":"closed","ping_status":"closed","sticky":false,"template":"","format":"standard","meta":{"_monsterinsights_skip_tracking":false,"_monsterinsights_sitenote_active":false,"_monsterinsights_sitenote_note":"","_monsterinsights_sitenote_category":0,"_joinchat":[],"footnotes":""},"categories":[110],"tags":[],"class_list":["post-6684","post","type-post","status-publish","format-standard","has-post-thumbnail","hentry","category-serveis-de-salut-es"],"_links":{"self":[{"href":"https:\/\/peradejordi.com\/es\/wp-json\/wp\/v2\/posts\/6684","targetHints":{"allow":["GET"]}}],"collection":[{"href":"https:\/\/peradejordi.com\/es\/wp-json\/wp\/v2\/posts"}],"about":[{"href":"https:\/\/peradejordi.com\/es\/wp-json\/wp\/v2\/types\/post"}],"author":[{"embeddable":true,"href":"https:\/\/peradejordi.com\/es\/wp-json\/wp\/v2\/users\/9"}],"replies":[{"embeddable":true,"href":"https:\/\/peradejordi.com\/es\/wp-json\/wp\/v2\/comments?post=6684"}],"version-history":[{"count":10,"href":"https:\/\/peradejordi.com\/es\/wp-json\/wp\/v2\/posts\/6684\/revisions"}],"predecessor-version":[{"id":8388,"href":"https:\/\/peradejordi.com\/es\/wp-json\/wp\/v2\/posts\/6684\/revisions\/8388"}],"wp:featuredmedia":[{"embeddable":true,"href":"https:\/\/peradejordi.com\/es\/wp-json\/wp\/v2\/media\/8387"}],"wp:attachment":[{"href":"https:\/\/peradejordi.com\/es\/wp-json\/wp\/v2\/media?parent=6684"}],"wp:term":[{"taxonomy":"category","embeddable":true,"href":"https:\/\/peradejordi.com\/es\/wp-json\/wp\/v2\/categories?post=6684"},{"taxonomy":"post_tag","embeddable":true,"href":"https:\/\/peradejordi.com\/es\/wp-json\/wp\/v2\/tags?post=6684"}],"curies":[{"name":"wp","href":"https:\/\/api.w.org\/{rel}","templated":true}]}}